{"id":840,"date":"2025-08-27T13:19:20","date_gmt":"2025-08-27T11:19:20","guid":{"rendered":"https:\/\/babad.fr\/?p=840"},"modified":"2025-08-31T14:29:10","modified_gmt":"2025-08-31T12:29:10","slug":"reprise-de-la-saison-25-26","status":"publish","type":"post","link":"https:\/\/babad.fr\/index.php\/2025\/08\/27\/reprise-de-la-saison-25-26\/","title":{"rendered":"Reprise de la saison 2025 &#8211; 2026"},"content":{"rendered":"\n<p>Apr\u00e8s un bel \u00e9t\u00e9, l\u2019heure est venue de retrouver les terrains !<\/p>\n\n\n\n<ul>\n<li><strong>Dimanche 31 ao\u00fbt :<\/strong> Mini-stage de reprise <\/li>\n\n\n\n<li><strong>Mercredi 3 septembre : <\/strong>Reprise des entrainements 20h15 (comp\u00e9titeurs)<\/li>\n\n\n\n<li><strong>Jeudi 4 septembre : <\/strong>Reprise des entrainements 20h30 (loisirs)<\/li>\n\n\n\n<li><strong>Samedi 6 septembre : <\/strong>Venez nous rencontrer sur notre stand\n<ul>\n<li>Au Forum des sports de Champ sur Drac le matin (8h-13h)<\/li>\n\n\n\n<li>Au Forum des sports de St Georges de Commiers l&rsquo;apr\u00e8s-midi (13h30-17h30)<\/li>\n<\/ul>\n<\/li>\n<\/ul>\n","protected":false},"excerpt":{"rendered":"<p>Apr\u00e8s un bel \u00e9t\u00e9, l\u2019heure est venue de retrouver les terrains !<\/p>\n","protected":false},"author":1,"featured_media":0,"comment_status":"open","ping_status":"open","sticky":false,"template":"","format":"standard","meta":{"footnotes":""},"categories":[1],"tags":[],"yoast_head":"<!-- This site is optimized with the Yoast SEO plugin v21.7 - https:\/\/yoast.com\/wordpress\/plugins\/seo\/ -->\n<title>Reprise de la saison 2025 - 2026 - B-A Bad des Commiers (BBC38)<\/title>\n<meta name=\"robots\" content=\"index, follow, max-snippet:-1, max-image-preview:large, max-video-preview:-1\" \/>\n<link rel=\"canonical\" href=\"https:\/\/babad.fr\/index.php\/2025\/08\/27\/reprise-de-la-saison-25-26\/\" \/>\n<meta property=\"og:locale\" content=\"fr_FR\" \/>\n<meta property=\"og:type\" content=\"article\" \/>\n<meta property=\"og:title\" content=\"Reprise de la saison 2025 - 2026 - B-A Bad des Commiers (BBC38)\" \/>\n<meta property=\"og:description\" content=\"Apr\u00e8s un bel \u00e9t\u00e9, l\u2019heure est venue de retrouver les terrains !\" \/>\n<meta property=\"og:url\" content=\"https:\/\/babad.fr\/index.php\/2025\/08\/27\/reprise-de-la-saison-25-26\/\" \/>\n<meta property=\"og:site_name\" content=\"B-A Bad des Commiers (BBC38)\" \/>\n<meta property=\"article:published_time\" content=\"2025-08-27T11:19:20+00:00\" \/>\n<meta property=\"article:modified_time\" content=\"2025-08-31T12:29:10+00:00\" \/>\n<meta name=\"author\" content=\"babad\" \/>\n<meta name=\"twitter:card\" content=\"summary_large_image\" \/>\n<meta name=\"twitter:label1\" content=\"\u00c9crit par\" \/>\n\t<meta name=\"twitter:data1\" content=\"babad\" \/>\n\t<meta name=\"twitter:label2\" content=\"Dur\u00e9e de lecture estim\u00e9e\" \/>\n\t<meta name=\"twitter:data2\" content=\"1 minute\" \/>\n<script type=\"application\/ld+json\" class=\"yoast-schema-graph\">{\"@context\":\"https:\/\/schema.org\",\"@graph\":[{\"@type\":\"Article\",\"@id\":\"https:\/\/babad.fr\/index.php\/2025\/08\/27\/reprise-de-la-saison-25-26\/#article\",\"isPartOf\":{\"@id\":\"https:\/\/babad.fr\/index.php\/2025\/08\/27\/reprise-de-la-saison-25-26\/\"},\"author\":{\"name\":\"babad\",\"@id\":\"https:\/\/babad.fr\/#\/schema\/person\/e8a11ed124097a9c25882474f5a403d5\"},\"headline\":\"Reprise de la saison 2025 &#8211; 2026\",\"datePublished\":\"2025-08-27T11:19:20+00:00\",\"dateModified\":\"2025-08-31T12:29:10+00:00\",\"mainEntityOfPage\":{\"@id\":\"https:\/\/babad.fr\/index.php\/2025\/08\/27\/reprise-de-la-saison-25-26\/\"},\"wordCount\":73,\"commentCount\":0,\"publisher\":{\"@id\":\"https:\/\/babad.fr\/#\/schema\/person\/e8a11ed124097a9c25882474f5a403d5\"},\"inLanguage\":\"fr-FR\",\"potentialAction\":[{\"@type\":\"CommentAction\",\"name\":\"Comment\",\"target\":[\"https:\/\/babad.fr\/index.php\/2025\/08\/27\/reprise-de-la-saison-25-26\/#respond\"]}]},{\"@type\":\"WebPage\",\"@id\":\"https:\/\/babad.fr\/index.php\/2025\/08\/27\/reprise-de-la-saison-25-26\/\",\"url\":\"https:\/\/babad.fr\/index.php\/2025\/08\/27\/reprise-de-la-saison-25-26\/\",\"name\":\"Reprise de la saison 2025 - 2026 - B-A Bad des Commiers (BBC38)\",\"isPartOf\":{\"@id\":\"https:\/\/babad.fr\/#website\"},\"datePublished\":\"2025-08-27T11:19:20+00:00\",\"dateModified\":\"2025-08-31T12:29:10+00:00\",\"breadcrumb\":{\"@id\":\"https:\/\/babad.fr\/index.php\/2025\/08\/27\/reprise-de-la-saison-25-26\/#breadcrumb\"},\"inLanguage\":\"fr-FR\",\"potentialAction\":[{\"@type\":\"ReadAction\",\"target\":[\"https:\/\/babad.fr\/index.php\/2025\/08\/27\/reprise-de-la-saison-25-26\/\"]}]},{\"@type\":\"BreadcrumbList\",\"@id\":\"https:\/\/babad.fr\/index.php\/2025\/08\/27\/reprise-de-la-saison-25-26\/#breadcrumb\",\"itemListElement\":[{\"@type\":\"ListItem\",\"position\":1,\"name\":\"Accueil\",\"item\":\"https:\/\/babad.fr\/\"},{\"@type\":\"ListItem\",\"position\":2,\"name\":\"Reprise de la saison 2025 &#8211; 2026\"}]},{\"@type\":\"WebSite\",\"@id\":\"https:\/\/babad.fr\/#website\",\"url\":\"https:\/\/babad.fr\/\",\"name\":\"B-A Bad des Commiers (BBC38)\",\"description\":\"Le club de badminton de Saint Georges de Commiers, affili\u00e9 \u00e0 la f\u00e9d\u00e9ration fran\u00e7aise de badminton, vous accueille au gymnase des Combettes tous les mercredis, jeudis et vendredis soirs et le samedi matin et met \u00e0 votre disposition 4 terrains pour jouer en loisirs ou en comp\u00e9tition.\",\"publisher\":{\"@id\":\"https:\/\/babad.fr\/#\/schema\/person\/e8a11ed124097a9c25882474f5a403d5\"},\"potentialAction\":[{\"@type\":\"SearchAction\",\"target\":{\"@type\":\"EntryPoint\",\"urlTemplate\":\"https:\/\/babad.fr\/?s={search_term_string}\"},\"query-input\":\"required name=search_term_string\"}],\"inLanguage\":\"fr-FR\"},{\"@type\":[\"Person\",\"Organization\"],\"@id\":\"https:\/\/babad.fr\/#\/schema\/person\/e8a11ed124097a9c25882474f5a403d5\",\"name\":\"babad\",\"image\":{\"@type\":\"ImageObject\",\"inLanguage\":\"fr-FR\",\"@id\":\"https:\/\/babad.fr\/#\/schema\/person\/image\/\",\"url\":\"https:\/\/secure.gravatar.com\/avatar\/b83764d372c273528312bec210c5a854?s=96&d=mm&r=g\",\"contentUrl\":\"https:\/\/secure.gravatar.com\/avatar\/b83764d372c273528312bec210c5a854?s=96&d=mm&r=g\",\"caption\":\"babad\"},\"logo\":{\"@id\":\"https:\/\/babad.fr\/#\/schema\/person\/image\/\"},\"url\":\"https:\/\/babad.fr\/index.php\/author\/babad\/\"}]}<\/script>\n<!-- \/ Yoast SEO plugin. -->","yoast_head_json":{"title":"Reprise de la saison 2025 - 2026 - B-A Bad des Commiers (BBC38)","robots":{"index":"index","follow":"follow","max-snippet":"max-snippet:-1","max-image-preview":"max-image-preview:large","max-video-preview":"max-video-preview:-1"},"canonical":"https:\/\/babad.fr\/index.php\/2025\/08\/27\/reprise-de-la-saison-25-26\/","og_locale":"fr_FR","og_type":"article","og_title":"Reprise de la saison 2025 - 2026 - B-A Bad des Commiers (BBC38)","og_description":"Apr\u00e8s un bel \u00e9t\u00e9, l\u2019heure est venue de retrouver les terrains !","og_url":"https:\/\/babad.fr\/index.php\/2025\/08\/27\/reprise-de-la-saison-25-26\/","og_site_name":"B-A Bad des Commiers (BBC38)","article_published_time":"2025-08-27T11:19:20+00:00","article_modified_time":"2025-08-31T12:29:10+00:00","author":"babad","twitter_card":"summary_large_image","twitter_misc":{"\u00c9crit par":"babad","Dur\u00e9e de lecture estim\u00e9e":"1 minute"},"schema":{"@context":"https:\/\/schema.org","@graph":[{"@type":"Article","@id":"https:\/\/babad.fr\/index.php\/2025\/08\/27\/reprise-de-la-saison-25-26\/#article","isPartOf":{"@id":"https:\/\/babad.fr\/index.php\/2025\/08\/27\/reprise-de-la-saison-25-26\/"},"author":{"name":"babad","@id":"https:\/\/babad.fr\/#\/schema\/person\/e8a11ed124097a9c25882474f5a403d5"},"headline":"Reprise de la saison 2025 &#8211; 2026","datePublished":"2025-08-27T11:19:20+00:00","dateModified":"2025-08-31T12:29:10+00:00","mainEntityOfPage":{"@id":"https:\/\/babad.fr\/index.php\/2025\/08\/27\/reprise-de-la-saison-25-26\/"},"wordCount":73,"commentCount":0,"publisher":{"@id":"https:\/\/babad.fr\/#\/schema\/person\/e8a11ed124097a9c25882474f5a403d5"},"inLanguage":"fr-FR","potentialAction":[{"@type":"CommentAction","name":"Comment","target":["https:\/\/babad.fr\/index.php\/2025\/08\/27\/reprise-de-la-saison-25-26\/#respond"]}]},{"@type":"WebPage","@id":"https:\/\/babad.fr\/index.php\/2025\/08\/27\/reprise-de-la-saison-25-26\/","url":"https:\/\/babad.fr\/index.php\/2025\/08\/27\/reprise-de-la-saison-25-26\/","name":"Reprise de la saison 2025 - 2026 - B-A Bad des Commiers (BBC38)","isPartOf":{"@id":"https:\/\/babad.fr\/#website"},"datePublished":"2025-08-27T11:19:20+00:00","dateModified":"2025-08-31T12:29:10+00:00","breadcrumb":{"@id":"https:\/\/babad.fr\/index.php\/2025\/08\/27\/reprise-de-la-saison-25-26\/#breadcrumb"},"inLanguage":"fr-FR","potentialAction":[{"@type":"ReadAction","target":["https:\/\/babad.fr\/index.php\/2025\/08\/27\/reprise-de-la-saison-25-26\/"]}]},{"@type":"BreadcrumbList","@id":"https:\/\/babad.fr\/index.php\/2025\/08\/27\/reprise-de-la-saison-25-26\/#breadcrumb","itemListElement":[{"@type":"ListItem","position":1,"name":"Accueil","item":"https:\/\/babad.fr\/"},{"@type":"ListItem","position":2,"name":"Reprise de la saison 2025 &#8211; 2026"}]},{"@type":"WebSite","@id":"https:\/\/babad.fr\/#website","url":"https:\/\/babad.fr\/","name":"B-A Bad des Commiers (BBC38)","description":"Le club de badminton de Saint Georges de Commiers, affili\u00e9 \u00e0 la f\u00e9d\u00e9ration fran\u00e7aise de badminton, vous accueille au gymnase des Combettes tous les mercredis, jeudis et vendredis soirs et le samedi matin et met \u00e0 votre disposition 4 terrains pour jouer en loisirs ou en comp\u00e9tition.","publisher":{"@id":"https:\/\/babad.fr\/#\/schema\/person\/e8a11ed124097a9c25882474f5a403d5"},"potentialAction":[{"@type":"SearchAction","target":{"@type":"EntryPoint","urlTemplate":"https:\/\/babad.fr\/?s={search_term_string}"},"query-input":"required name=search_term_string"}],"inLanguage":"fr-FR"},{"@type":["Person","Organization"],"@id":"https:\/\/babad.fr\/#\/schema\/person\/e8a11ed124097a9c25882474f5a403d5","name":"babad","image":{"@type":"ImageObject","inLanguage":"fr-FR","@id":"https:\/\/babad.fr\/#\/schema\/person\/image\/","url":"https:\/\/secure.gravatar.com\/avatar\/b83764d372c273528312bec210c5a854?s=96&d=mm&r=g","contentUrl":"https:\/\/secure.gravatar.com\/avatar\/b83764d372c273528312bec210c5a854?s=96&d=mm&r=g","caption":"babad"},"logo":{"@id":"https:\/\/babad.fr\/#\/schema\/person\/image\/"},"url":"https:\/\/babad.fr\/index.php\/author\/babad\/"}]}},"_links":{"self":[{"href":"https:\/\/babad.fr\/index.php\/wp-json\/wp\/v2\/posts\/840"}],"collection":[{"href":"https:\/\/babad.fr\/index.php\/wp-json\/wp\/v2\/posts"}],"about":[{"href":"https:\/\/babad.fr\/index.php\/wp-json\/wp\/v2\/types\/post"}],"author":[{"embeddable":true,"href":"https:\/\/babad.fr\/index.php\/wp-json\/wp\/v2\/users\/1"}],"replies":[{"embeddable":true,"href":"https:\/\/babad.fr\/index.php\/wp-json\/wp\/v2\/comments?post=840"}],"version-history":[{"count":7,"href":"https:\/\/babad.fr\/index.php\/wp-json\/wp\/v2\/posts\/840\/revisions"}],"predecessor-version":[{"id":850,"href":"https:\/\/babad.fr\/index.php\/wp-json\/wp\/v2\/posts\/840\/revisions\/850"}],"wp:attachment":[{"href":"https:\/\/babad.fr\/index.php\/wp-json\/wp\/v2\/media?parent=840"}],"wp:term":[{"taxonomy":"category","embeddable":true,"href":"https:\/\/babad.fr\/index.php\/wp-json\/wp\/v2\/categories?post=840"},{"taxonomy":"post_tag","embeddable":true,"href":"https:\/\/babad.fr\/index.php\/wp-json\/wp\/v2\/tags?post=840"}],"curies":[{"name":"wp","href":"https:\/\/api.w.org\/{rel}","templated":true}]}}